{"id":1113,"date":"2017-10-11T20:12:00","date_gmt":"2017-10-12T01:12:00","guid":{"rendered":"http:\/\/revueappoint.ca\/?p=1113"},"modified":"2020-11-24T21:06:01","modified_gmt":"2020-11-25T02:06:01","slug":"temoignage-fr-jerome-val-notre-dame","status":"publish","type":"post","link":"https:\/\/revueappoint.ca\/?p=1113","title":{"rendered":"T\u00e9moignage &#8211; Fr J\u00e9rome &#8211; Val Notre-Dame"},"content":{"rendered":"<p><em><strong><span style=\"font-family: 'book antiqua', palatino, serif; font-size: 24px;\">T\u00e9moignage &#8211; Fr J\u00e9rome<\/span><\/strong><\/em><\/p>\n<p><span style=\"font-size: 24px; font-family: book antiqua,palatino,serif;\"><em><strong>+ Val Notre-Dame, 12 septembre 2017<\/strong><\/em><\/span><\/p>\n<p><span style=\"font-size: 24px; font-family: book antiqua,palatino,serif;\"><em><strong>Merci pour votre invitation du 14 octobre, mais je suis moine clo\u00eetr\u00e9, je n\u2019ai pas la permission d\u2019y \u00eatre pr\u00e9sent\u2026<\/strong><\/em><\/span><\/p>\n<p><span style=\"font-size: 24px; font-family: book antiqua,palatino,serif;\"><em><strong>Mais dans ma pens\u00e9e, mon c\u0153ur et ma pri\u00e8re de moine, je serai avec vous\u2026 F\u00e9licitations \u00e0 toute l\u2019\u00e9quipe de r\u00e9daction!<\/strong><\/em><\/span><br \/>\n<span style=\"font-size: 24px; font-family: book antiqua,palatino,serif;\"><em><strong>Depuis des ann\u00e9es, je suis un fid\u00e8le lecteur de votre merveilleuse revue Appoint\u2026<\/strong><\/em><\/span><\/p>\n<p><span style=\"font-size: 24px; font-family: book antiqua,palatino,serif;\"><em><strong>Avec reconnaissance,<\/strong><\/em><\/span><\/p>\n<p><span style=\"font-size: 24px; font-family: book antiqua,palatino,serif;\"><em><strong>F. Jean-\u00ad\u2010Marc J\u00e9r\u00f4me.<\/strong><\/em><\/span><br \/>\n<span style=\"font-size: 24px; font-family: book antiqua,palatino,serif;\"><em><strong>Moine.<\/strong><\/em><\/span><\/p>\n<p>&nbsp;<\/p>\n\n\t\t<style type=\"text\/css\">\n\t\t\t#gallery-1 {\n\t\t\t\tmargin: auto;\n\t\t\t}\n\t\t\t#gallery-1 .gallery-item {\n\t\t\t\tfloat: left;\n\t\t\t\tmargin-top: 10px;\n\t\t\t\ttext-align: center;\n\t\t\t\twidth: 50%;\n\t\t\t}\n\t\t\t#gallery-1 img {\n\t\t\t\tborder: 2px solid #cfcfcf;\n\t\t\t}\n\t\t\t#gallery-1 .gallery-caption {\n\t\t\t\tmargin-left: 0;\n\t\t\t}\n\t\t\t\/* see gallery_shortcode() in wp-includes\/media.php *\/\n\t\t<\/style>\n\t\t<div id='gallery-1' class='gallery galleryid-1113 gallery-columns-2 gallery-size-thumbnail'><dl class='gallery-item'>\n\t\t\t<dt class='gallery-icon landscape'>\n\t\t\t\t<a href='https:\/\/revueappoint.ca\/?attachment_id=1114'><img loading=\"lazy\" decoding=\"async\" width=\"150\" height=\"150\" src=\"https:\/\/revueappoint.ca\/wp-content\/uploads\/2017\/10\/Te\u0301moignage-Fr-Je\u0301rome-Val-Notre-Dame-150x150.jpg\" class=\"attachment-thumbnail size-thumbnail\" alt=\"\" srcset=\"https:\/\/revueappoint.ca\/wp-content\/uploads\/2017\/10\/Te\u0301moignage-Fr-Je\u0301rome-Val-Notre-Dame-150x150.jpg 150w, https:\/\/revueappoint.ca\/wp-content\/uploads\/2017\/10\/Te\u0301moignage-Fr-Je\u0301rome-Val-Notre-Dame-100x100.jpg 100w, https:\/\/revueappoint.ca\/wp-content\/uploads\/2017\/10\/Te\u0301moignage-Fr-Je\u0301rome-Val-Notre-Dame-65x65.jpg 65w, https:\/\/revueappoint.ca\/wp-content\/uploads\/2017\/10\/Te\u0301moignage-Fr-Je\u0301rome-Val-Notre-Dame-64x64.jpg 64w, https:\/\/revueappoint.ca\/wp-content\/uploads\/2017\/10\/Te\u0301moignage-Fr-Je\u0301rome-Val-Notre-Dame-66x66.jpg 66w\" sizes=\"auto, (max-width: 150px) 100vw, 150px\" \/><\/a>\n\t\t\t<\/dt><\/dl><dl class='gallery-item'>\n\t\t\t<dt class='gallery-icon landscape'>\n\t\t\t\t<a href='https:\/\/revueappoint.ca\/?attachment_id=1115'><img loading=\"lazy\" decoding=\"async\" width=\"150\" height=\"150\" src=\"https:\/\/revueappoint.ca\/wp-content\/uploads\/2017\/10\/Te\u0301moignage-Fr-Je\u0301rome-Val-Notre-Dame2-150x150.jpg\" class=\"attachment-thumbnail size-thumbnail\" alt=\"\" srcset=\"https:\/\/revueappoint.ca\/wp-content\/uploads\/2017\/10\/Te\u0301moignage-Fr-Je\u0301rome-Val-Notre-Dame2-150x150.jpg 150w, https:\/\/revueappoint.ca\/wp-content\/uploads\/2017\/10\/Te\u0301moignage-Fr-Je\u0301rome-Val-Notre-Dame2-100x100.jpg 100w, https:\/\/revueappoint.ca\/wp-content\/uploads\/2017\/10\/Te\u0301moignage-Fr-Je\u0301rome-Val-Notre-Dame2-65x65.jpg 65w, https:\/\/revueappoint.ca\/wp-content\/uploads\/2017\/10\/Te\u0301moignage-Fr-Je\u0301rome-Val-Notre-Dame2-64x64.jpg 64w, https:\/\/revueappoint.ca\/wp-content\/uploads\/2017\/10\/Te\u0301moignage-Fr-Je\u0301rome-Val-Notre-Dame2-66x66.jpg 66w\" sizes=\"auto, (max-width: 150px) 100vw, 150px\" \/><\/a>\n\t\t\t<\/dt><\/dl><br style=\"clear: both\" \/>\n\t\t<\/div>\n\n","protected":false},"excerpt":{"rendered":"<p>T\u00e9moignage &#8211; Fr J\u00e9rome + Val Notre-Dame, 12 septembre 2017 Merci pour votre invitation du 14 octobre, mais je suis moine clo\u00eetr\u00e9, je n\u2019ai pas la permission d\u2019y \u00eatre pr\u00e9sent\u2026 Mais dans ma pens\u00e9e, mon c\u0153ur et ma pri\u00e8re de moine, je serai avec vous\u2026 F\u00e9licitations \u00e0 toute l\u2019\u00e9quipe de r\u00e9daction! Depuis des ann\u00e9es, je [&hellip;]<\/p>\n","protected":false},"author":10,"featured_media":1149,"comment_status":"closed","ping_status":"closed","sticky":false,"template":"","format":"standard","meta":{"_et_pb_use_builder":"","_et_pb_old_content":"","_monsterinsights_skip_tracking":false,"_monsterinsights_sitenote_active":false,"_monsterinsights_sitenote_note":"","_monsterinsights_sitenote_category":0,"footnotes":""},"categories":[195],"tags":[],"class_list":["post-1113","post","type-post","status-publish","format-standard","has-post-thumbnail","hentry","category-temoignages-50e","et-has-post-format-content","et_post_format-et-post-format-standard"],"rttpg_featured_image_url":{"full":["https:\/\/revueappoint.ca\/wp-content\/uploads\/2017\/10\/Saint-Jerome_Cathedrale.jpg",220,146,false],"landscape":["https:\/\/revueappoint.ca\/wp-content\/uploads\/2017\/10\/Saint-Jerome_Cathedrale.jpg",220,146,false],"portraits":["https:\/\/revueappoint.ca\/wp-content\/uploads\/2017\/10\/Saint-Jerome_Cathedrale.jpg",220,146,false],"thumbnail":["https:\/\/revueappoint.ca\/wp-content\/uploads\/2017\/10\/Saint-Jerome_Cathedrale-150x146.jpg",150,146,true],"medium":["https:\/\/revueappoint.ca\/wp-content\/uploads\/2017\/10\/Saint-Jerome_Cathedrale.jpg",220,146,false],"large":["https:\/\/revueappoint.ca\/wp-content\/uploads\/2017\/10\/Saint-Jerome_Cathedrale.jpg",220,146,false],"team-500px":["https:\/\/revueappoint.ca\/wp-content\/uploads\/2017\/10\/Saint-Jerome_Cathedrale.jpg",220,146,false],"1536x1536":["https:\/\/revueappoint.ca\/wp-content\/uploads\/2017\/10\/Saint-Jerome_Cathedrale.jpg",220,146,false],"2048x2048":["https:\/\/revueappoint.ca\/wp-content\/uploads\/2017\/10\/Saint-Jerome_Cathedrale.jpg",220,146,false],"xs-thumb":["https:\/\/revueappoint.ca\/wp-content\/uploads\/2017\/10\/Saint-Jerome_Cathedrale-64x64.jpg",64,64,true],"et-builder-post-main-image":["https:\/\/revueappoint.ca\/wp-content\/uploads\/2017\/10\/Saint-Jerome_Cathedrale.jpg",220,146,false],"et-builder-post-main-image-fullwidth":["https:\/\/revueappoint.ca\/wp-content\/uploads\/2017\/10\/Saint-Jerome_Cathedrale.jpg",220,146,false],"et-builder-portfolio-image":["https:\/\/revueappoint.ca\/wp-content\/uploads\/2017\/10\/Saint-Jerome_Cathedrale.jpg",220,146,false],"et-builder-portfolio-image-single":["https:\/\/revueappoint.ca\/wp-content\/uploads\/2017\/10\/Saint-Jerome_Cathedrale.jpg",220,146,false],"et-builder-gallery-image-portrait":["https:\/\/revueappoint.ca\/wp-content\/uploads\/2017\/10\/Saint-Jerome_Cathedrale.jpg",220,146,false],"extra-image-huge":["https:\/\/revueappoint.ca\/wp-content\/uploads\/2017\/10\/Saint-Jerome_Cathedrale.jpg",220,146,false],"extra-image-single-post":["https:\/\/revueappoint.ca\/wp-content\/uploads\/2017\/10\/Saint-Jerome_Cathedrale.jpg",220,146,false],"extra-image-medium":["https:\/\/revueappoint.ca\/wp-content\/uploads\/2017\/10\/Saint-Jerome_Cathedrale.jpg",220,146,false],"extra-image-small":["https:\/\/revueappoint.ca\/wp-content\/uploads\/2017\/10\/Saint-Jerome_Cathedrale.jpg",220,146,false],"extra-image-square-medium":["https:\/\/revueappoint.ca\/wp-content\/uploads\/2017\/10\/Saint-Jerome_Cathedrale.jpg",220,146,false],"extra-image-square-small":["https:\/\/revueappoint.ca\/wp-content\/uploads\/2017\/10\/Saint-Jerome_Cathedrale.jpg",150,100,false],"sow-carousel-default":["https:\/\/revueappoint.ca\/wp-content\/uploads\/2017\/10\/Saint-Jerome_Cathedrale.jpg",220,146,false],"wp_review_small":["https:\/\/revueappoint.ca\/wp-content\/uploads\/2017\/10\/Saint-Jerome_Cathedrale-65x65.jpg",65,65,true],"wp_review_large":["https:\/\/revueappoint.ca\/wp-content\/uploads\/2017\/10\/Saint-Jerome_Cathedrale.jpg",220,146,false]},"rttpg_author":{"display_name":"Admin","author_link":"https:\/\/revueappoint.ca\/?author=10"},"rttpg_comment":0,"rttpg_category":"<a href=\"https:\/\/revueappoint.ca\/?cat=195\" rel=\"category\">T\u00e9moignages 50i\u00e8me<\/a>","rttpg_excerpt":"T\u00e9moignage &#8211; Fr J\u00e9rome + Val Notre-Dame, 12 septembre 2017 Merci pour votre invitation du 14 octobre, mais je suis moine clo\u00eetr\u00e9, je n\u2019ai pas la permission d\u2019y \u00eatre pr\u00e9sent\u2026 Mais dans ma pens\u00e9e, mon c\u0153ur et ma pri\u00e8re de moine, je serai avec vous\u2026 F\u00e9licitations \u00e0 toute l\u2019\u00e9quipe de r\u00e9daction! Depuis des ann\u00e9es, je\u2026","_links":{"self":[{"href":"https:\/\/revueappoint.ca\/index.php?rest_route=\/wp\/v2\/posts\/1113","targetHints":{"allow":["GET"]}}],"collection":[{"href":"https:\/\/revueappoint.ca\/index.php?rest_route=\/wp\/v2\/posts"}],"about":[{"href":"https:\/\/revueappoint.ca\/index.php?rest_route=\/wp\/v2\/types\/post"}],"author":[{"embeddable":true,"href":"https:\/\/revueappoint.ca\/index.php?rest_route=\/wp\/v2\/users\/10"}],"replies":[{"embeddable":true,"href":"https:\/\/revueappoint.ca\/index.php?rest_route=%2Fwp%2Fv2%2Fcomments&post=1113"}],"version-history":[{"count":4,"href":"https:\/\/revueappoint.ca\/index.php?rest_route=\/wp\/v2\/posts\/1113\/revisions"}],"predecessor-version":[{"id":2492,"href":"https:\/\/revueappoint.ca\/index.php?rest_route=\/wp\/v2\/posts\/1113\/revisions\/2492"}],"wp:featuredmedia":[{"embeddable":true,"href":"https:\/\/revueappoint.ca\/index.php?rest_route=\/wp\/v2\/media\/1149"}],"wp:attachment":[{"href":"https:\/\/revueappoint.ca\/index.php?rest_route=%2Fwp%2Fv2%2Fmedia&parent=1113"}],"wp:term":[{"taxonomy":"category","embeddable":true,"href":"https:\/\/revueappoint.ca\/index.php?rest_route=%2Fwp%2Fv2%2Fcategories&post=1113"},{"taxonomy":"post_tag","embeddable":true,"href":"https:\/\/revueappoint.ca\/index.php?rest_route=%2Fwp%2Fv2%2Ftags&post=1113"}],"curies":[{"name":"wp","href":"https:\/\/api.w.org\/{rel}","templated":true}]}}