{"id":1201,"date":"2017-10-13T23:30:01","date_gmt":"2017-10-14T04:30:01","guid":{"rendered":"http:\/\/revueappoint.ca\/?p=1201"},"modified":"2020-11-24T21:04:18","modified_gmt":"2020-11-25T02:04:18","slug":"jean-marc-cliche-un-fondateur-de-la-revue","status":"publish","type":"post","link":"https:\/\/revueappoint.ca\/?p=1201","title":{"rendered":"Jean-Marc Cliche, un fondateur de la revue"},"content":{"rendered":"<p><span style=\"font-size: 20px;\"><strong>Les 50 ans de la revue APPOINT<\/strong><\/span><\/p>\n<p>&nbsp;<\/p>\n<p><span style=\"font-size: 20px;\"><strong>Ch\u00e8res lectrices, chers lecteurs et ami-e-s de la revue APPOINT<\/strong><\/span><\/p>\n<p><span style=\"font-size: 20px;\"><strong>Collaboratrices et collaborateurs \u00e0 la r\u00e9daction<\/strong><\/span><\/p>\n<p><span style=\"font-size: 20px;\"><strong>Mesdames, messieurs,<\/strong><\/span><\/p>\n<p>&nbsp;<\/p>\n<p><span style=\"font-size: 20px;\"><strong>Merci pour cette invitation \u00e0 la grande f\u00eate des 50 ans de la revue APPOINT.<\/strong><\/span><\/p>\n<p>&nbsp;<\/p>\n<p><span style=\"font-size: 20px;\"><strong>J\u2019aurais beaucoup aim\u00e9 \u00eatre des v\u00f4tres, mais une petite chirurgie toute r\u00e9cente m\u2019emp\u00eache de me joindre \u00e0 vous aujourd\u2019hui. Et je vous prie de m\u2019en excuser.<\/strong><\/span><\/p>\n<p>&nbsp;<\/p>\n<p><span style=\"font-size: 20px;\"><strong>\u00ab\u00a0Les anniversaires ont au moins l\u2019avantage de nous avertir que nous vieillissons, et nous forcent \u00e0 quelques r\u00e9flexions sur l\u2019avenir. L\u2019avenir, c\u2019est tout un cadeau ! Et un cadeau que nous pouvons choisir\u00a0\u00bb. Voil\u00e0 ce que j\u2019\u00e9crivais en \u00e9ditorial du num\u00e9ro d\u2019APPOINT de mars 1968, en parlant d\u2019une \u00e9ventuelle fusion des provinces religieuses des Fr\u00e8res des \u00e9coles chr\u00e9tiennes de Montr\u00e9al et de Longueuil.\u00a0<\/strong><\/span><\/p>\n<p><span style=\"font-size: 20px;\"><strong>Ce n\u2019est pas sans un brin de fiert\u00e9 que je me rappelle les premi\u00e8res heures de la revue APPOINT, n\u00e9e de la fusion des revues LIAISON\u00a0 et LES \u00c9TUDES. Nous avions peut-\u00eatre des r\u00eaves d\u2019avenir, mais personne ne pouvait imaginer que cette aventure d\u00e9passerait la cinquantaine. Preuve que l\u2019avenir se construit jour apr\u00e8s jour, d\u2019un num\u00e9ro \u00e0 l\u2019autre, une ann\u00e9e \u00e0 la fois.<\/strong><\/span><\/p>\n<p><span style=\"font-size: 20px;\"><strong>Je suis toujours impressionn\u00e9 de tant de t\u00e9nacit\u00e9; 50 ans d\u2019\u00e9dition, un record pour une revue de chez nous. Bravo \u00e0 l\u2019\u00e9quipe de r\u00e9daction et \u00e0 son \u00e9diteur en chef, Yvon Poitras. Bravo \u00e0 tous ceux et celles qui tiennent cette revue et y \u00e9crivent r\u00e9guli\u00e8rement. Quand on sait ce qu\u2019il en co\u00fbte pour \u00e9crire un texte soutenu et bien r\u00e9fl\u00e9chi, je ne puis que m\u2019incliner.<\/strong><\/span><\/p>\n<p><span style=\"font-size: 20px;\"><strong>\u00c0 vous tous et toutes, je souhaite d\u2019heureuses retrouvailles.<\/strong><\/span><\/p>\n<p><span style=\"font-size: 20px;\"><strong>Tous mes v\u0153ux de succ\u00e8s \u00e0 l\u2019\u00e9quipe de r\u00e9daction pour la suite des choses.<\/strong><\/span><\/p>\n<p>&nbsp;<\/p>\n<p><span style=\"font-size: 20px;\"><strong>VIVE APPOINT!<\/strong><\/span><\/p>\n<p><span style=\"font-size: 20px;\"><strong>Et dans un prochain c.v. j\u2019\u00e9crirai,<\/strong><\/span><\/p>\n<p><span style=\"font-size: 20px;\"><strong>Jean-Marc Cliche<\/strong><\/span><\/p>\n<p><span style=\"font-size: 20px;\"><strong>Premier r\u00e9dacteur en chef de la revue APPOINT<\/strong><\/span><\/p>\n","protected":false},"excerpt":{"rendered":"<p>Les 50 ans de la revue APPOINT &nbsp; Ch\u00e8res lectrices, chers lecteurs et ami-e-s de la revue APPOINT Collaboratrices et collaborateurs \u00e0 la r\u00e9daction Mesdames, messieurs, &nbsp; Merci pour cette invitation \u00e0 la grande f\u00eate des 50 ans de la revue APPOINT. &nbsp; J\u2019aurais beaucoup aim\u00e9 \u00eatre des v\u00f4tres, mais une petite chirurgie toute r\u00e9cente [&hellip;]<\/p>\n","protected":false},"author":10,"featured_media":1203,"comment_status":"closed","ping_status":"closed","sticky":false,"template":"","format":"standard","meta":{"_et_pb_use_builder":"","_et_pb_old_content":"","_monsterinsights_skip_tracking":false,"_monsterinsights_sitenote_active":false,"_monsterinsights_sitenote_note":"","_monsterinsights_sitenote_category":0,"footnotes":""},"categories":[195],"tags":[],"class_list":["post-1201","post","type-post","status-publish","format-standard","has-post-thumbnail","hentry","category-temoignages-50e","et-has-post-format-content","et_post_format-et-post-format-standard"],"rttpg_featured_image_url":{"full":["https:\/\/revueappoint.ca\/wp-content\/uploads\/2017\/10\/plage_baie_magog_01.jpg",400,200,false],"landscape":["https:\/\/revueappoint.ca\/wp-content\/uploads\/2017\/10\/plage_baie_magog_01.jpg",400,200,false],"portraits":["https:\/\/revueappoint.ca\/wp-content\/uploads\/2017\/10\/plage_baie_magog_01.jpg",400,200,false],"thumbnail":["https:\/\/revueappoint.ca\/wp-content\/uploads\/2017\/10\/plage_baie_magog_01-150x150.jpg",150,150,true],"medium":["https:\/\/revueappoint.ca\/wp-content\/uploads\/2017\/10\/plage_baie_magog_01-300x150.jpg",300,150,true],"large":["https:\/\/revueappoint.ca\/wp-content\/uploads\/2017\/10\/plage_baie_magog_01.jpg",400,200,false],"team-500px":["https:\/\/revueappoint.ca\/wp-content\/uploads\/2017\/10\/plage_baie_magog_01.jpg",400,200,false],"1536x1536":["https:\/\/revueappoint.ca\/wp-content\/uploads\/2017\/10\/plage_baie_magog_01.jpg",400,200,false],"2048x2048":["https:\/\/revueappoint.ca\/wp-content\/uploads\/2017\/10\/plage_baie_magog_01.jpg",400,200,false],"xs-thumb":["https:\/\/revueappoint.ca\/wp-content\/uploads\/2017\/10\/plage_baie_magog_01-64x64.jpg",64,64,true],"et-builder-post-main-image":["https:\/\/revueappoint.ca\/wp-content\/uploads\/2017\/10\/plage_baie_magog_01.jpg",400,200,false],"et-builder-post-main-image-fullwidth":["https:\/\/revueappoint.ca\/wp-content\/uploads\/2017\/10\/plage_baie_magog_01.jpg",400,200,false],"et-builder-portfolio-image":["https:\/\/revueappoint.ca\/wp-content\/uploads\/2017\/10\/plage_baie_magog_01.jpg",400,200,false],"et-builder-portfolio-image-single":["https:\/\/revueappoint.ca\/wp-content\/uploads\/2017\/10\/plage_baie_magog_01.jpg",400,200,false],"et-builder-gallery-image-portrait":["https:\/\/revueappoint.ca\/wp-content\/uploads\/2017\/10\/plage_baie_magog_01.jpg",400,200,false],"extra-image-huge":["https:\/\/revueappoint.ca\/wp-content\/uploads\/2017\/10\/plage_baie_magog_01.jpg",400,200,false],"extra-image-single-post":["https:\/\/revueappoint.ca\/wp-content\/uploads\/2017\/10\/plage_baie_magog_01.jpg",400,200,false],"extra-image-medium":["https:\/\/revueappoint.ca\/wp-content\/uploads\/2017\/10\/plage_baie_magog_01.jpg",400,200,false],"extra-image-small":["https:\/\/revueappoint.ca\/wp-content\/uploads\/2017\/10\/plage_baie_magog_01.jpg",400,200,false],"extra-image-square-medium":["https:\/\/revueappoint.ca\/wp-content\/uploads\/2017\/10\/plage_baie_magog_01.jpg",400,200,false],"extra-image-square-small":["https:\/\/revueappoint.ca\/wp-content\/uploads\/2017\/10\/plage_baie_magog_01.jpg",150,75,false],"sow-carousel-default":["https:\/\/revueappoint.ca\/wp-content\/uploads\/2017\/10\/plage_baie_magog_01.jpg",272,136,false],"wp_review_small":["https:\/\/revueappoint.ca\/wp-content\/uploads\/2017\/10\/plage_baie_magog_01-65x65.jpg",65,65,true],"wp_review_large":["https:\/\/revueappoint.ca\/wp-content\/uploads\/2017\/10\/plage_baie_magog_01-320x200.jpg",320,200,true]},"rttpg_author":{"display_name":"Admin","author_link":"https:\/\/revueappoint.ca\/?author=10"},"rttpg_comment":0,"rttpg_category":"<a href=\"https:\/\/revueappoint.ca\/?cat=195\" rel=\"category\">T\u00e9moignages 50i\u00e8me<\/a>","rttpg_excerpt":"Les 50 ans de la revue APPOINT &nbsp; Ch\u00e8res lectrices, chers lecteurs et ami-e-s de la revue APPOINT Collaboratrices et collaborateurs \u00e0 la r\u00e9daction Mesdames, messieurs, &nbsp; Merci pour cette invitation \u00e0 la grande f\u00eate des 50 ans de la revue APPOINT. &nbsp; J\u2019aurais beaucoup aim\u00e9 \u00eatre des v\u00f4tres, mais une petite chirurgie toute r\u00e9cente\u2026","_links":{"self":[{"href":"https:\/\/revueappoint.ca\/index.php?rest_route=\/wp\/v2\/posts\/1201","targetHints":{"allow":["GET"]}}],"collection":[{"href":"https:\/\/revueappoint.ca\/index.php?rest_route=\/wp\/v2\/posts"}],"about":[{"href":"https:\/\/revueappoint.ca\/index.php?rest_route=\/wp\/v2\/types\/post"}],"author":[{"embeddable":true,"href":"https:\/\/revueappoint.ca\/index.php?rest_route=\/wp\/v2\/users\/10"}],"replies":[{"embeddable":true,"href":"https:\/\/revueappoint.ca\/index.php?rest_route=%2Fwp%2Fv2%2Fcomments&post=1201"}],"version-history":[{"count":1,"href":"https:\/\/revueappoint.ca\/index.php?rest_route=\/wp\/v2\/posts\/1201\/revisions"}],"predecessor-version":[{"id":1202,"href":"https:\/\/revueappoint.ca\/index.php?rest_route=\/wp\/v2\/posts\/1201\/revisions\/1202"}],"wp:featuredmedia":[{"embeddable":true,"href":"https:\/\/revueappoint.ca\/index.php?rest_route=\/wp\/v2\/media\/1203"}],"wp:attachment":[{"href":"https:\/\/revueappoint.ca\/index.php?rest_route=%2Fwp%2Fv2%2Fmedia&parent=1201"}],"wp:term":[{"taxonomy":"category","embeddable":true,"href":"https:\/\/revueappoint.ca\/index.php?rest_route=%2Fwp%2Fv2%2Fcategories&post=1201"},{"taxonomy":"post_tag","embeddable":true,"href":"https:\/\/revueappoint.ca\/index.php?rest_route=%2Fwp%2Fv2%2Ftags&post=1201"}],"curies":[{"name":"wp","href":"https:\/\/api.w.org\/{rel}","templated":true}]}}