{"id":1907,"date":"2019-01-02T15:49:14","date_gmt":"2019-01-02T20:49:14","guid":{"rendered":"http:\/\/revueappoint.ca\/?p=1907"},"modified":"2020-11-05T23:42:40","modified_gmt":"2020-11-06T04:42:40","slug":"a-la-conquete-de-la-paix-du-coeur-par-monique-nadeau","status":"publish","type":"post","link":"https:\/\/revueappoint.ca\/?p=1907","title":{"rendered":"\u00c0 la conqu\u00eate de la paix du coeur"},"content":{"rendered":"<h3 style=\"text-align: center;\">T\u00e9moignage<\/h3>\n<h3 style=\"text-align: center;\"><span style=\"text-decoration: underline;\">\u00c0 la conqu\u00eate de la paix du c\u0153ur<\/span><\/h3>\n<h3 style=\"text-align: center;\"><img loading=\"lazy\" decoding=\"async\" class=\"aligncenter wp-image-1909 size-full\" src=\"https:\/\/revueappoint.ca\/wp-content\/uploads\/2019\/01\/Conqu\u00eatePaix-Coeur-t\u00e9moignage-Monique-Nadeau-e1604628185546.jpg\" alt=\"\" width=\"998\" height=\"1064\" srcset=\"https:\/\/revueappoint.ca\/wp-content\/uploads\/2019\/01\/Conqu\u00eatePaix-Coeur-t\u00e9moignage-Monique-Nadeau-e1604628185546.jpg 998w, https:\/\/revueappoint.ca\/wp-content\/uploads\/2019\/01\/Conqu\u00eatePaix-Coeur-t\u00e9moignage-Monique-Nadeau-e1604628185546-281x300.jpg 281w, https:\/\/revueappoint.ca\/wp-content\/uploads\/2019\/01\/Conqu\u00eatePaix-Coeur-t\u00e9moignage-Monique-Nadeau-e1604628185546-768x819.jpg 768w, https:\/\/revueappoint.ca\/wp-content\/uploads\/2019\/01\/Conqu\u00eatePaix-Coeur-t\u00e9moignage-Monique-Nadeau-e1604628185546-960x1024.jpg 960w\" sizes=\"auto, (max-width: 998px) 100vw, 998px\" \/><\/h3>\n","protected":false},"excerpt":{"rendered":"<p>T\u00e9moignage \u00c0 la conqu\u00eate de la paix du c\u0153ur<\/p>\n","protected":false},"author":10,"featured_media":0,"comment_status":"closed","ping_status":"closed","sticky":false,"template":"","format":"link","meta":{"_et_pb_use_builder":"","_et_pb_old_content":"","_monsterinsights_skip_tracking":false,"_monsterinsights_sitenote_active":false,"_monsterinsights_sitenote_note":"","_monsterinsights_sitenote_category":0,"footnotes":""},"categories":[89,191],"tags":[],"class_list":["post-1907","post","type-post","status-publish","format-link","hentry","category-temoignages","category-textes-inedits","post_format-post-format-link","et-doesnt-have-format-content","et_post_format-et-post-format-standard"],"rttpg_featured_image_url":null,"rttpg_author":{"display_name":"Admin","author_link":"https:\/\/revueappoint.ca\/?author=10"},"rttpg_comment":0,"rttpg_category":"<a href=\"https:\/\/revueappoint.ca\/?cat=89\" rel=\"category\">T\u00e9moignages<\/a> <a href=\"https:\/\/revueappoint.ca\/?cat=191\" rel=\"category\">Textes in\u00e9dits<\/a>","rttpg_excerpt":"T\u00e9moignage \u00c0 la conqu\u00eate de la paix du c\u0153ur","_links":{"self":[{"href":"https:\/\/revueappoint.ca\/index.php?rest_route=\/wp\/v2\/posts\/1907","targetHints":{"allow":["GET"]}}],"collection":[{"href":"https:\/\/revueappoint.ca\/index.php?rest_route=\/wp\/v2\/posts"}],"about":[{"href":"https:\/\/revueappoint.ca\/index.php?rest_route=\/wp\/v2\/types\/post"}],"author":[{"embeddable":true,"href":"https:\/\/revueappoint.ca\/index.php?rest_route=\/wp\/v2\/users\/10"}],"replies":[{"embeddable":true,"href":"https:\/\/revueappoint.ca\/index.php?rest_route=%2Fwp%2Fv2%2Fcomments&post=1907"}],"version-history":[{"count":3,"href":"https:\/\/revueappoint.ca\/index.php?rest_route=\/wp\/v2\/posts\/1907\/revisions"}],"predecessor-version":[{"id":2458,"href":"https:\/\/revueappoint.ca\/index.php?rest_route=\/wp\/v2\/posts\/1907\/revisions\/2458"}],"wp:attachment":[{"href":"https:\/\/revueappoint.ca\/index.php?rest_route=%2Fwp%2Fv2%2Fmedia&parent=1907"}],"wp:term":[{"taxonomy":"category","embeddable":true,"href":"https:\/\/revueappoint.ca\/index.php?rest_route=%2Fwp%2Fv2%2Fcategories&post=1907"},{"taxonomy":"post_tag","embeddable":true,"href":"https:\/\/revueappoint.ca\/index.php?rest_route=%2Fwp%2Fv2%2Ftags&post=1907"}],"curies":[{"name":"wp","href":"https:\/\/api.w.org\/{rel}","templated":true}]}}