{"id":1968,"date":"2019-07-02T21:00:43","date_gmt":"2019-07-03T02:00:43","guid":{"rendered":"http:\/\/revueappoint.ca\/?p=1968"},"modified":"2020-11-24T21:27:59","modified_gmt":"2020-11-25T02:27:59","slug":"fevrier-2019","status":"publish","type":"post","link":"https:\/\/revueappoint.ca\/?p=1968","title":{"rendered":"Extraits f\u00e9vrier 2019"},"content":{"rendered":"<h1 style=\"text-align: center;\"><span style=\"font-size: 32px;\"><strong>Extraits de la revue de f\u00e9vrier 2019<br \/>\n<\/strong><strong>\u00ab\u00a0Jusqu&rsquo;o\u00f9 me suivras-tu?\u00a0\u00bb<\/strong><\/span><\/h1>\n<p><a href=\"https:\/\/revueappoint.ca\/wp-content\/uploads\/2019\/02\/image-f\u00e9vrier-2019.png\"><img loading=\"lazy\" decoding=\"async\" class=\"aligncenter wp-image-1970 size-medium\" src=\"https:\/\/revueappoint.ca\/wp-content\/uploads\/2019\/02\/image-f\u00e9vrier-2019-300x202.png\" alt=\"\" width=\"300\" height=\"202\" srcset=\"https:\/\/revueappoint.ca\/wp-content\/uploads\/2019\/02\/image-f\u00e9vrier-2019-300x202.png 300w, https:\/\/revueappoint.ca\/wp-content\/uploads\/2019\/02\/image-f\u00e9vrier-2019-200x134.png 200w, https:\/\/revueappoint.ca\/wp-content\/uploads\/2019\/02\/image-f\u00e9vrier-2019-400x269.png 400w, https:\/\/revueappoint.ca\/wp-content\/uploads\/2019\/02\/image-f\u00e9vrier-2019-500x336.png 500w, https:\/\/revueappoint.ca\/wp-content\/uploads\/2019\/02\/image-f\u00e9vrier-2019-272x182.png 272w, https:\/\/revueappoint.ca\/wp-content\/uploads\/2019\/02\/image-f\u00e9vrier-2019.png 527w\" sizes=\"auto, (max-width: 300px) 100vw, 300px\" \/><\/a><\/p>\n<p>&nbsp;<\/p>\n<p><a href=\"https:\/\/revueappoint.ca\/?p=1976\"><span style=\"color: #0000ff;\">Suivre J\u00e9sus, un appel constant \u00e0 na\u00eetre<\/span><\/a>, par Denise Badeau<\/p>\n<p><a href=\"https:\/\/revueappoint.ca\/?p=1983\"><span style=\"color: #0000ff;\">Jusqu&rsquo;o\u00f9 me suivras-tu? Appel \u00e0 la justice climatique<\/span><\/a>, par Daniel Pellerin<\/p>\n<p>&nbsp;<\/p>\n<p style=\"text-align: center;\"><span style=\"font-size: 20px;\"><strong>Pri\u00e8res\/R\u00e9flexions<\/strong><\/span><\/p>\n<p>&nbsp;<\/p>\n<blockquote><p><a href=\"https:\/\/revueappoint.ca\/?p=1995\"><span style=\"color: #0000ff;\">O\u00f9<\/span><\/a><span style=\"color: #000000;\">, par Francine Vincent<\/span><\/p>\n<p><a href=\"https:\/\/revueappoint.ca\/?p=2001\"><span style=\"color: #0000ff;\">\u00c0 son rythme<\/span><span style=\"color: #000000;\">,<\/span><\/a><span style=\"color: #000000;\"> par Yvonne Demers<\/span><\/p>\n<p><a href=\"https:\/\/revueappoint.ca\/?p=2007\"><span style=\"color: #0000ff;\">Je n&rsquo;ai pas trouv\u00e9 Dieu<\/span><\/a><span style=\"color: #000000;\">, par Micheline Aubert<img loading=\"lazy\" decoding=\"async\" class=\"alignright size-medium wp-image-1971\" src=\"https:\/\/revueappoint.ca\/wp-content\/uploads\/2019\/02\/Sans-titre-e1571547831520-300x226.png\" alt=\"\" width=\"300\" height=\"226\" srcset=\"https:\/\/revueappoint.ca\/wp-content\/uploads\/2019\/02\/Sans-titre-e1571547831520-300x226.png 300w, https:\/\/revueappoint.ca\/wp-content\/uploads\/2019\/02\/Sans-titre-e1571547831520-320x240.png 320w, https:\/\/revueappoint.ca\/wp-content\/uploads\/2019\/02\/Sans-titre-e1571547831520.png 383w\" sizes=\"auto, (max-width: 300px) 100vw, 300px\" \/><\/span><\/p><\/blockquote>\n","protected":false},"excerpt":{"rendered":"<p>Extraits de la revue de f\u00e9vrier 2019 \u00ab\u00a0Jusqu&rsquo;o\u00f9 me suivras-tu?\u00a0\u00bb &nbsp; Suivre J\u00e9sus, un appel constant \u00e0 na\u00eetre, par Denise Badeau Jusqu&rsquo;o\u00f9 me suivras-tu? Appel \u00e0 la justice climatique, par Daniel Pellerin &nbsp; Pri\u00e8res\/R\u00e9flexions &nbsp; O\u00f9, par Francine Vincent \u00c0 son rythme, par Yvonne Demers Je n&rsquo;ai pas trouv\u00e9 Dieu, par Micheline Aubert<\/p>\n","protected":false},"author":10,"featured_media":1970,"comment_status":"closed","ping_status":"closed","sticky":false,"template":"","format":"link","meta":{"_et_pb_use_builder":"","_et_pb_old_content":"","_monsterinsights_skip_tracking":false,"_monsterinsights_sitenote_active":false,"_monsterinsights_sitenote_note":"","_monsterinsights_sitenote_category":0,"footnotes":""},"categories":[198,184],"tags":[],"class_list":["post-1968","post","type-post","status-publish","format-link","has-post-thumbnail","hentry","category-2018-19","category-extraits","post_format-post-format-link","et-has-post-format-content","et_post_format-et-post-format-standard"],"rttpg_featured_image_url":{"full":["https:\/\/revueappoint.ca\/wp-content\/uploads\/2019\/02\/image-f\u00e9vrier-2019.png",527,354,false],"landscape":["https:\/\/revueappoint.ca\/wp-content\/uploads\/2019\/02\/image-f\u00e9vrier-2019.png",527,354,false],"portraits":["https:\/\/revueappoint.ca\/wp-content\/uploads\/2019\/02\/image-f\u00e9vrier-2019.png",527,354,false],"thumbnail":["https:\/\/revueappoint.ca\/wp-content\/uploads\/2019\/02\/image-f\u00e9vrier-2019-150x150.png",150,150,true],"medium":["https:\/\/revueappoint.ca\/wp-content\/uploads\/2019\/02\/image-f\u00e9vrier-2019-300x202.png",300,202,true],"large":["https:\/\/revueappoint.ca\/wp-content\/uploads\/2019\/02\/image-f\u00e9vrier-2019.png",527,354,false],"team-500px":["https:\/\/revueappoint.ca\/wp-content\/uploads\/2019\/02\/image-f\u00e9vrier-2019-500x354.png",500,354,true],"1536x1536":["https:\/\/revueappoint.ca\/wp-content\/uploads\/2019\/02\/image-f\u00e9vrier-2019.png",527,354,false],"2048x2048":["https:\/\/revueappoint.ca\/wp-content\/uploads\/2019\/02\/image-f\u00e9vrier-2019.png",527,354,false],"xs-thumb":["https:\/\/revueappoint.ca\/wp-content\/uploads\/2019\/02\/image-f\u00e9vrier-2019-64x64.png",64,64,true],"et-builder-post-main-image":["https:\/\/revueappoint.ca\/wp-content\/uploads\/2019\/02\/image-f\u00e9vrier-2019.png",372,250,false],"et-builder-post-main-image-fullwidth":["https:\/\/revueappoint.ca\/wp-content\/uploads\/2019\/02\/image-f\u00e9vrier-2019.png",527,354,false],"et-builder-portfolio-image":["https:\/\/revueappoint.ca\/wp-content\/uploads\/2019\/02\/image-f\u00e9vrier-2019.png",400,269,false],"et-builder-portfolio-image-single":["https:\/\/revueappoint.ca\/wp-content\/uploads\/2019\/02\/image-f\u00e9vrier-2019.png",527,354,false],"et-builder-gallery-image-portrait":["https:\/\/revueappoint.ca\/wp-content\/uploads\/2019\/02\/image-f\u00e9vrier-2019.png",400,269,false],"extra-image-huge":["https:\/\/revueappoint.ca\/wp-content\/uploads\/2019\/02\/image-f\u00e9vrier-2019.png",527,354,false],"extra-image-single-post":["https:\/\/revueappoint.ca\/wp-content\/uploads\/2019\/02\/image-f\u00e9vrier-2019.png",527,354,false],"extra-image-medium":["https:\/\/revueappoint.ca\/wp-content\/uploads\/2019\/02\/image-f\u00e9vrier-2019.png",527,354,false],"extra-image-small":["https:\/\/revueappoint.ca\/wp-content\/uploads\/2019\/02\/image-f\u00e9vrier-2019.png",393,264,false],"extra-image-square-medium":["https:\/\/revueappoint.ca\/wp-content\/uploads\/2019\/02\/image-f\u00e9vrier-2019.png",440,296,false],"extra-image-square-small":["https:\/\/revueappoint.ca\/wp-content\/uploads\/2019\/02\/image-f\u00e9vrier-2019.png",150,101,false],"sow-carousel-default":["https:\/\/revueappoint.ca\/wp-content\/uploads\/2019\/02\/image-f\u00e9vrier-2019-272x182.png",272,182,true],"wp_review_small":["https:\/\/revueappoint.ca\/wp-content\/uploads\/2019\/02\/image-f\u00e9vrier-2019-65x65.png",65,65,true],"wp_review_large":["https:\/\/revueappoint.ca\/wp-content\/uploads\/2019\/02\/image-f\u00e9vrier-2019-320x240.png",320,240,true]},"rttpg_author":{"display_name":"Admin","author_link":"https:\/\/revueappoint.ca\/?author=10"},"rttpg_comment":0,"rttpg_category":"<a href=\"https:\/\/revueappoint.ca\/?cat=198\" rel=\"category\">2018-2019<\/a> <a href=\"https:\/\/revueappoint.ca\/?cat=184\" rel=\"category\">Extraits<\/a>","rttpg_excerpt":"Extraits de la revue de f\u00e9vrier 2019 \u00ab\u00a0Jusqu&rsquo;o\u00f9 me suivras-tu?\u00a0\u00bb &nbsp; Suivre J\u00e9sus, un appel constant \u00e0 na\u00eetre, par Denise Badeau Jusqu&rsquo;o\u00f9 me suivras-tu? Appel \u00e0 la justice climatique, par Daniel Pellerin &nbsp; Pri\u00e8res\/R\u00e9flexions &nbsp; O\u00f9, par Francine Vincent \u00c0 son rythme, par Yvonne Demers Je n&rsquo;ai pas trouv\u00e9 Dieu, par Micheline Aubert","_links":{"self":[{"href":"https:\/\/revueappoint.ca\/index.php?rest_route=\/wp\/v2\/posts\/1968","targetHints":{"allow":["GET"]}}],"collection":[{"href":"https:\/\/revueappoint.ca\/index.php?rest_route=\/wp\/v2\/posts"}],"about":[{"href":"https:\/\/revueappoint.ca\/index.php?rest_route=\/wp\/v2\/types\/post"}],"author":[{"embeddable":true,"href":"https:\/\/revueappoint.ca\/index.php?rest_route=\/wp\/v2\/users\/10"}],"replies":[{"embeddable":true,"href":"https:\/\/revueappoint.ca\/index.php?rest_route=%2Fwp%2Fv2%2Fcomments&post=1968"}],"version-history":[{"count":13,"href":"https:\/\/revueappoint.ca\/index.php?rest_route=\/wp\/v2\/posts\/1968\/revisions"}],"predecessor-version":[{"id":2495,"href":"https:\/\/revueappoint.ca\/index.php?rest_route=\/wp\/v2\/posts\/1968\/revisions\/2495"}],"wp:featuredmedia":[{"embeddable":true,"href":"https:\/\/revueappoint.ca\/index.php?rest_route=\/wp\/v2\/media\/1970"}],"wp:attachment":[{"href":"https:\/\/revueappoint.ca\/index.php?rest_route=%2Fwp%2Fv2%2Fmedia&parent=1968"}],"wp:term":[{"taxonomy":"category","embeddable":true,"href":"https:\/\/revueappoint.ca\/index.php?rest_route=%2Fwp%2Fv2%2Fcategories&post=1968"},{"taxonomy":"post_tag","embeddable":true,"href":"https:\/\/revueappoint.ca\/index.php?rest_route=%2Fwp%2Fv2%2Ftags&post=1968"}],"curies":[{"name":"wp","href":"https:\/\/api.w.org\/{rel}","templated":true}]}}